{"id":534,"date":"2023-12-21T10:36:29","date_gmt":"2023-12-21T10:36:29","guid":{"rendered":"https:\/\/www.ofidecoeducativos.es\/blog\/?p=534"},"modified":"2023-12-21T10:36:30","modified_gmt":"2023-12-21T10:36:30","slug":"bolas-de-navidad-a-tu-gusto","status":"publish","type":"post","link":"https:\/\/www.ofidecoeducativos.es\/blog\/bolas-de-navidad-a-tu-gusto\/","title":{"rendered":"Bolas de Navidad a tu gusto."},"content":{"rendered":"\n<p><\/p>\n\n\n\n<p class=\"has-text-align-center\">\u00a1Inauguramos secci\u00f3n! Con el objetivo de incluir un trocito de<a href=\"https:\/\/www.ofidecoeducativos.es\/\" target=\"_blank\" rel=\"noreferrer noopener\"> Ofideco<\/a> en las aulas, hemos decidido crear un espacio en el que maestros y maestras, profesores y profesoras, cualquier persona que se dedique al sector de la ense\u00f1anza, pueda encontrar inspiraci\u00f3n para plasmar la <strong>creatividad <\/strong>de los m\u00e1s peque\u00f1os en obras de arte.<\/p>\n\n\n\n<p class=\"has-text-align-center\"> <strong>\u00a1Incluso en casa!<\/strong><\/p>\n\n\n\n<p class=\"has-text-align-center\">Y como no pod\u00eda ser de otra forma\u2026<\/p>\n\n\n\n<p class=\"has-text-align-center\">Nos acaba de invadir el esp\u00edritu navide\u00f1o. Que levante la mano todo aquel que disfrute diciembre como si fuese un ni\u00f1o. Y es que, para que nos vamos a enga\u00f1ar\u2026 trabajar con peques contagia la alegr\u00eda y m\u00e1s en estas fechas. <\/p>\n\n\n<div class=\"wp-block-image\">\n<figure class=\"aligncenter size-full is-resized\"><img loading=\"lazy\" decoding=\"async\" src=\"https:\/\/www.ofidecoeducativos.es\/blog\/wp-content\/uploads\/2023\/12\/Green-Red-Modern-Merry-Christmas-Facebook-Post.png\" alt=\"\" class=\"wp-image-535\" width=\"292\" height=\"244\" srcset=\"https:\/\/www.ofidecoeducativos.es\/blog\/wp-content\/uploads\/2023\/12\/Green-Red-Modern-Merry-Christmas-Facebook-Post.png 940w, https:\/\/www.ofidecoeducativos.es\/blog\/wp-content\/uploads\/2023\/12\/Green-Red-Modern-Merry-Christmas-Facebook-Post-300x251.png 300w, https:\/\/www.ofidecoeducativos.es\/blog\/wp-content\/uploads\/2023\/12\/Green-Red-Modern-Merry-Christmas-Facebook-Post-768x644.png 768w\" sizes=\"auto, (max-width: 292px) 100vw, 292px\" \/><\/figure><\/div>\n\n\n<p class=\"has-text-align-center\">Hoy te traemos una manualidad que no dejar\u00e1 a nadie indiferente, perfecta para realizar los d\u00edas antes de las vacaciones escolares. Buscamos desde un primer momento algo que fuese representativo, vistoso, y a la vista de todos. Conocemos el impacto que en un ni\u00f1o puede tener el reconocimiento por parte de su primer entorno; la familia. Por ello, ofrecemos una creaci\u00f3n que acaparar\u00e1 miradas.<\/p>\n\n\n\n<p class=\"has-text-align-center\">\u00a0<strong>Bolas a tu gusto. \u00a1El mejor complemento para tu \u00e1rbol de navidad!<\/strong><\/p>\n\n\n\n<p class=\"has-text-align-center\">Para hacer esta manualidad, s\u00f3lo necesitar\u00e1s;<\/p>\n\n\n\n<p class=\"has-text-align-center\"><a href=\"https:\/\/www.ofidecoeducativos.es\/diy\/bola-plastico-transparente-o100mm-5u_1626\" target=\"_blank\" rel=\"noreferrer noopener\">-Bola de navidad transparente.<\/a><\/p>\n\n\n\n<p class=\"has-text-align-center\">&#8211;<a href=\"https:\/\/www.ofidecoeducativos.es\/temperas-acuarelas-y-pinturas\/pintura-cristal-agua-la-pajarita-6-colores-25ml_2527\" target=\"_blank\" rel=\"noreferrer noopener\">Pintura para cristal al agua<\/a> o <a href=\"https:\/\/www.ofidecoeducativos.es\/temperas-acuarelas-y-pinturas\/pintura-para-cristal-removible-6-colores_2131\" target=\"_blank\" rel=\"noreferrer noopener\">pintura para cristal removible<\/a>. Te recomendamos adquirir el pack de seis colores, puesto que los resultados pueden ser mucho m\u00e1s vistosos. Adem\u00e1s, cuanto m\u00e1s color;<strong> <\/strong><\/p>\n\n\n\n<p class=\"has-text-align-center\"><strong>\u00a1M\u00e1s diversi\u00f3n!<\/strong> <\/p>\n\n\n\n<p class=\"has-text-align-center\">P\u00eddelas ya, y en 24-48 horas tendr\u00e1s en el cole todo el material necesario para dar rienda suelta a la imaginaci\u00f3n.<\/p>\n\n\n\n<p class=\"has-text-align-center\">Es tan sencillo como parece. Nos dedicaremos a pintar las bolas con el dise\u00f1o favorito de cada uno. Podemos ofrecerles inspiraci\u00f3n, y acompa\u00f1arlos durante todo el proceso.<\/p>\n\n\n<div class=\"wp-block-image\">\n<figure class=\"aligncenter size-large is-resized\"><img loading=\"lazy\" decoding=\"async\" src=\"https:\/\/www.ofidecoeducativos.es\/blog\/wp-content\/uploads\/2023\/12\/Festive-Merry-Christmas-Wishes-Instagram-Post-6-1024x1024.png\" alt=\"\" class=\"wp-image-536\" width=\"336\" height=\"336\" srcset=\"https:\/\/www.ofidecoeducativos.es\/blog\/wp-content\/uploads\/2023\/12\/Festive-Merry-Christmas-Wishes-Instagram-Post-6-1024x1024.png 1024w, https:\/\/www.ofidecoeducativos.es\/blog\/wp-content\/uploads\/2023\/12\/Festive-Merry-Christmas-Wishes-Instagram-Post-6-300x300.png 300w, https:\/\/www.ofidecoeducativos.es\/blog\/wp-content\/uploads\/2023\/12\/Festive-Merry-Christmas-Wishes-Instagram-Post-6-150x150.png 150w, https:\/\/www.ofidecoeducativos.es\/blog\/wp-content\/uploads\/2023\/12\/Festive-Merry-Christmas-Wishes-Instagram-Post-6-768x768.png 768w, https:\/\/www.ofidecoeducativos.es\/blog\/wp-content\/uploads\/2023\/12\/Festive-Merry-Christmas-Wishes-Instagram-Post-6.png 1080w\" sizes=\"auto, (max-width: 336px) 100vw, 336px\" \/><\/figure><\/div>\n\n\n<p class=\"has-text-align-center\">Todo lo que se venga a tu mente\u2026 <strong>\u00a1Es buena idea!<\/strong><\/p>\n\n\n\n<p class=\"has-text-align-center\">Lo mejor de esta actividad, es que puede ser realizada por ni\u00f1os y ni\u00f1as de todas las edades, modificando el nivel de exigencia con cada uno de ellos.<\/p>\n\n\n\n<p class=\"has-text-align-center\">Una vez pintada la bola, la dejamos secar, ponemos una cuerda de nuestro color preferido,<\/p>\n\n\n\n<p class=\"has-text-align-center\"><strong> \u00a1Y a personalizar el \u00e1rbol de navidad!<\/strong><\/p>\n\n\n\n<p class=\"has-text-align-center\">Te deseamos unas muy felices fiestas. Haz click aqu\u00ed para alegrarte el d\u00eda \ud83d\ude42 <a href=\"https:\/\/www.youtube.com\/watch?v=aAkMkVFwAoo\" target=\"_blank\" rel=\"noreferrer noopener\">\u00a1Feliz Navidad!<\/a><\/p>\n\n\n<div class=\"wp-block-image\">\n<figure class=\"aligncenter size-large is-resized\"><img loading=\"lazy\" decoding=\"async\" src=\"https:\/\/www.ofidecoeducativos.es\/blog\/wp-content\/uploads\/2023\/12\/Tarjeta-gracias-por-tu-pedido-colorida-y-alegre-rosa-5-8-1024x726.png\" alt=\"\" class=\"wp-image-537\" width=\"449\" height=\"318\" srcset=\"https:\/\/www.ofidecoeducativos.es\/blog\/wp-content\/uploads\/2023\/12\/Tarjeta-gracias-por-tu-pedido-colorida-y-alegre-rosa-5-8-1024x726.png 1024w, https:\/\/www.ofidecoeducativos.es\/blog\/wp-content\/uploads\/2023\/12\/Tarjeta-gracias-por-tu-pedido-colorida-y-alegre-rosa-5-8-300x213.png 300w, https:\/\/www.ofidecoeducativos.es\/blog\/wp-content\/uploads\/2023\/12\/Tarjeta-gracias-por-tu-pedido-colorida-y-alegre-rosa-5-8-768x545.png 768w, https:\/\/www.ofidecoeducativos.es\/blog\/wp-content\/uploads\/2023\/12\/Tarjeta-gracias-por-tu-pedido-colorida-y-alegre-rosa-5-8-1536x1090.png 1536w, https:\/\/www.ofidecoeducativos.es\/blog\/wp-content\/uploads\/2023\/12\/Tarjeta-gracias-por-tu-pedido-colorida-y-alegre-rosa-5-8.png 1748w\" sizes=\"auto, (max-width: 449px) 100vw, 449px\" \/><\/figure><\/div>","protected":false},"excerpt":{"rendered":"<p>Hoy te traemos una manualidad que no dejar\u00e1 a nadie indiferente, perfecta para realizar los d\u00edas antes de las vacaciones escolares. Buscamos desde un primer momento algo que fuese representativo, vistoso, y a la vista de todos. Conocemos el impacto que en un ni\u00f1o puede tener el reconocimiento por parte de su primer entorno; la familia. Por ello, ofrecemos una creaci\u00f3n que acaparar\u00e1 miradas.<\/p>\n","protected":false},"author":1,"featured_media":539,"comment_status":"closed","ping_status":"open","sticky":false,"template":"","format":"standard","meta":{"om_disable_all_campaigns":false,"_uf_show_specific_survey":0,"_uf_disable_surveys":false,"footnotes":""},"categories":[2],"tags":[],"class_list":["post-534","post","type-post","status-publish","format-standard","has-post-thumbnail","hentry","category-manualidades"],"aioseo_notices":[],"yoast_head":"<!-- This site is optimized with the Yoast SEO plugin v20.6 - https:\/\/yoast.com\/wordpress\/plugins\/seo\/ -->\n<title>Bolas de Navidad a tu gusto. - INNOVACI\u00d3N EDUCATIVA A TU ALCANCE<\/title>\n<meta name=\"robots\" content=\"index, follow, max-snippet:-1, max-image-preview:large, max-video-preview:-1\" \/>\n<link rel=\"canonical\" href=\"https:\/\/www.ofidecoeducativos.es\/blog\/bolas-de-navidad-a-tu-gusto\/\" \/>\n<meta property=\"og:locale\" content=\"es_ES\" \/>\n<meta property=\"og:type\" content=\"article\" \/>\n<meta property=\"og:title\" content=\"Bolas de Navidad a tu gusto. - INNOVACI\u00d3N EDUCATIVA A TU ALCANCE\" \/>\n<meta property=\"og:description\" content=\"Hoy te traemos una manualidad que no dejar\u00e1 a nadie indiferente, perfecta para realizar los d\u00edas antes de las vacaciones escolares. Buscamos desde un primer momento algo que fuese representativo, vistoso, y a la vista de todos. Conocemos el impacto que en un ni\u00f1o puede tener el reconocimiento por parte de su primer entorno; la familia. Por ello, ofrecemos una creaci\u00f3n que acaparar\u00e1 miradas.\" \/>\n<meta property=\"og:url\" content=\"https:\/\/www.ofidecoeducativos.es\/blog\/bolas-de-navidad-a-tu-gusto\/\" \/>\n<meta property=\"og:site_name\" content=\"INNOVACI\u00d3N EDUCATIVA A TU ALCANCE\" \/>\n<meta property=\"article:published_time\" content=\"2023-12-21T10:36:29+00:00\" \/>\n<meta property=\"article:modified_time\" content=\"2023-12-21T10:36:30+00:00\" \/>\n<meta property=\"og:image\" content=\"https:\/\/www.ofidecoeducativos.es\/blog\/wp-content\/uploads\/2023\/12\/juguete-arbol-navidad-estrellas-colores-como-concepto-ano-nuevo-sobre-fondo-colores-pastel-scaled.jpg\" \/>\n\t<meta property=\"og:image:width\" content=\"2560\" \/>\n\t<meta property=\"og:image:height\" content=\"1708\" \/>\n\t<meta property=\"og:image:type\" content=\"image\/jpeg\" \/>\n<meta name=\"author\" content=\"Ofideco Educativos\" \/>\n<meta name=\"twitter:card\" content=\"summary_large_image\" \/>\n<meta name=\"twitter:label1\" content=\"Escrito por\" \/>\n\t<meta name=\"twitter:data1\" content=\"Ofideco Educativos\" \/>\n\t<meta name=\"twitter:label2\" content=\"Tiempo de lectura\" \/>\n\t<meta name=\"twitter:data2\" content=\"3 minutos\" \/>\n<script type=\"application\/ld+json\" class=\"yoast-schema-graph\">{\"@context\":\"https:\/\/schema.org\",\"@graph\":[{\"@type\":\"Article\",\"@id\":\"https:\/\/www.ofidecoeducativos.es\/blog\/bolas-de-navidad-a-tu-gusto\/#article\",\"isPartOf\":{\"@id\":\"https:\/\/www.ofidecoeducativos.es\/blog\/bolas-de-navidad-a-tu-gusto\/\"},\"author\":{\"name\":\"Ofideco Educativos\",\"@id\":\"https:\/\/www.ofidecoeducativos.es\/blog\/#\/schema\/person\/2d39737885170dc6757d22b34d1051e1\"},\"headline\":\"Bolas de Navidad a tu gusto.\",\"datePublished\":\"2023-12-21T10:36:29+00:00\",\"dateModified\":\"2023-12-21T10:36:30+00:00\",\"mainEntityOfPage\":{\"@id\":\"https:\/\/www.ofidecoeducativos.es\/blog\/bolas-de-navidad-a-tu-gusto\/\"},\"wordCount\":385,\"publisher\":{\"@id\":\"https:\/\/www.ofidecoeducativos.es\/blog\/#organization\"},\"articleSection\":[\"CREA CON OFICRAFT\"],\"inLanguage\":\"es\"},{\"@type\":\"WebPage\",\"@id\":\"https:\/\/www.ofidecoeducativos.es\/blog\/bolas-de-navidad-a-tu-gusto\/\",\"url\":\"https:\/\/www.ofidecoeducativos.es\/blog\/bolas-de-navidad-a-tu-gusto\/\",\"name\":\"Bolas de Navidad a tu gusto. - INNOVACI\u00d3N EDUCATIVA A TU ALCANCE\",\"isPartOf\":{\"@id\":\"https:\/\/www.ofidecoeducativos.es\/blog\/#website\"},\"datePublished\":\"2023-12-21T10:36:29+00:00\",\"dateModified\":\"2023-12-21T10:36:30+00:00\",\"breadcrumb\":{\"@id\":\"https:\/\/www.ofidecoeducativos.es\/blog\/bolas-de-navidad-a-tu-gusto\/#breadcrumb\"},\"inLanguage\":\"es\",\"potentialAction\":[{\"@type\":\"ReadAction\",\"target\":[\"https:\/\/www.ofidecoeducativos.es\/blog\/bolas-de-navidad-a-tu-gusto\/\"]}]},{\"@type\":\"BreadcrumbList\",\"@id\":\"https:\/\/www.ofidecoeducativos.es\/blog\/bolas-de-navidad-a-tu-gusto\/#breadcrumb\",\"itemListElement\":[{\"@type\":\"ListItem\",\"position\":1,\"name\":\"Portada\",\"item\":\"https:\/\/www.ofidecoeducativos.es\/blog\/\"},{\"@type\":\"ListItem\",\"position\":2,\"name\":\"Bolas de Navidad a tu gusto.\"}]},{\"@type\":\"WebSite\",\"@id\":\"https:\/\/www.ofidecoeducativos.es\/blog\/#website\",\"url\":\"https:\/\/www.ofidecoeducativos.es\/blog\/\",\"name\":\"INNOVACI\u00d3N EDUCATIVA A TU ALCANCE\",\"description\":\"El blog de Ofideco Educativos\",\"publisher\":{\"@id\":\"https:\/\/www.ofidecoeducativos.es\/blog\/#organization\"},\"potentialAction\":[{\"@type\":\"SearchAction\",\"target\":{\"@type\":\"EntryPoint\",\"urlTemplate\":\"https:\/\/www.ofidecoeducativos.es\/blog\/?s={search_term_string}\"},\"query-input\":\"required name=search_term_string\"}],\"inLanguage\":\"es\"},{\"@type\":\"Organization\",\"@id\":\"https:\/\/www.ofidecoeducativos.es\/blog\/#organization\",\"name\":\"INNOVACI\u00d3N EDUCATIVA A TU ALCANCE\",\"url\":\"https:\/\/www.ofidecoeducativos.es\/blog\/\",\"logo\":{\"@type\":\"ImageObject\",\"inLanguage\":\"es\",\"@id\":\"https:\/\/www.ofidecoeducativos.es\/blog\/#\/schema\/logo\/image\/\",\"url\":\"https:\/\/www.ofidecoeducativos.es\/blog\/wp-content\/uploads\/2023\/12\/cropped-Logo.jpg\",\"contentUrl\":\"https:\/\/www.ofidecoeducativos.es\/blog\/wp-content\/uploads\/2023\/12\/cropped-Logo.jpg\",\"width\":189,\"height\":71,\"caption\":\"INNOVACI\u00d3N EDUCATIVA A TU ALCANCE\"},\"image\":{\"@id\":\"https:\/\/www.ofidecoeducativos.es\/blog\/#\/schema\/logo\/image\/\"}},{\"@type\":\"Person\",\"@id\":\"https:\/\/www.ofidecoeducativos.es\/blog\/#\/schema\/person\/2d39737885170dc6757d22b34d1051e1\",\"name\":\"Ofideco Educativos\",\"image\":{\"@type\":\"ImageObject\",\"inLanguage\":\"es\",\"@id\":\"https:\/\/www.ofidecoeducativos.es\/blog\/#\/schema\/person\/image\/\",\"url\":\"https:\/\/secure.gravatar.com\/avatar\/819d71e9e31142308a24dbe53f9081f783ec3c49fd3b8af2b78d08391fb6eb2f?s=96&d=mm&r=g\",\"contentUrl\":\"https:\/\/secure.gravatar.com\/avatar\/819d71e9e31142308a24dbe53f9081f783ec3c49fd3b8af2b78d08391fb6eb2f?s=96&d=mm&r=g\",\"caption\":\"Ofideco Educativos\"},\"url\":\"https:\/\/www.ofidecoeducativos.es\/blog\/author\/ofideco_wp\/\"}]}<\/script>\n<!-- \/ Yoast SEO plugin. -->","yoast_head_json":{"title":"Bolas de Navidad a tu gusto. - INNOVACI\u00d3N EDUCATIVA A TU ALCANCE","robots":{"index":"index","follow":"follow","max-snippet":"max-snippet:-1","max-image-preview":"max-image-preview:large","max-video-preview":"max-video-preview:-1"},"canonical":"https:\/\/www.ofidecoeducativos.es\/blog\/bolas-de-navidad-a-tu-gusto\/","og_locale":"es_ES","og_type":"article","og_title":"Bolas de Navidad a tu gusto. - INNOVACI\u00d3N EDUCATIVA A TU ALCANCE","og_description":"Hoy te traemos una manualidad que no dejar\u00e1 a nadie indiferente, perfecta para realizar los d\u00edas antes de las vacaciones escolares. Buscamos desde un primer momento algo que fuese representativo, vistoso, y a la vista de todos. Conocemos el impacto que en un ni\u00f1o puede tener el reconocimiento por parte de su primer entorno; la familia. Por ello, ofrecemos una creaci\u00f3n que acaparar\u00e1 miradas.","og_url":"https:\/\/www.ofidecoeducativos.es\/blog\/bolas-de-navidad-a-tu-gusto\/","og_site_name":"INNOVACI\u00d3N EDUCATIVA A TU ALCANCE","article_published_time":"2023-12-21T10:36:29+00:00","article_modified_time":"2023-12-21T10:36:30+00:00","og_image":[{"width":2560,"height":1708,"url":"https:\/\/www.ofidecoeducativos.es\/blog\/wp-content\/uploads\/2023\/12\/juguete-arbol-navidad-estrellas-colores-como-concepto-ano-nuevo-sobre-fondo-colores-pastel-scaled.jpg","type":"image\/jpeg"}],"author":"Ofideco Educativos","twitter_card":"summary_large_image","twitter_misc":{"Escrito por":"Ofideco Educativos","Tiempo de lectura":"3 minutos"},"schema":{"@context":"https:\/\/schema.org","@graph":[{"@type":"Article","@id":"https:\/\/www.ofidecoeducativos.es\/blog\/bolas-de-navidad-a-tu-gusto\/#article","isPartOf":{"@id":"https:\/\/www.ofidecoeducativos.es\/blog\/bolas-de-navidad-a-tu-gusto\/"},"author":{"name":"Ofideco Educativos","@id":"https:\/\/www.ofidecoeducativos.es\/blog\/#\/schema\/person\/2d39737885170dc6757d22b34d1051e1"},"headline":"Bolas de Navidad a tu gusto.","datePublished":"2023-12-21T10:36:29+00:00","dateModified":"2023-12-21T10:36:30+00:00","mainEntityOfPage":{"@id":"https:\/\/www.ofidecoeducativos.es\/blog\/bolas-de-navidad-a-tu-gusto\/"},"wordCount":385,"publisher":{"@id":"https:\/\/www.ofidecoeducativos.es\/blog\/#organization"},"articleSection":["CREA CON OFICRAFT"],"inLanguage":"es"},{"@type":"WebPage","@id":"https:\/\/www.ofidecoeducativos.es\/blog\/bolas-de-navidad-a-tu-gusto\/","url":"https:\/\/www.ofidecoeducativos.es\/blog\/bolas-de-navidad-a-tu-gusto\/","name":"Bolas de Navidad a tu gusto. - INNOVACI\u00d3N EDUCATIVA A TU ALCANCE","isPartOf":{"@id":"https:\/\/www.ofidecoeducativos.es\/blog\/#website"},"datePublished":"2023-12-21T10:36:29+00:00","dateModified":"2023-12-21T10:36:30+00:00","breadcrumb":{"@id":"https:\/\/www.ofidecoeducativos.es\/blog\/bolas-de-navidad-a-tu-gusto\/#breadcrumb"},"inLanguage":"es","potentialAction":[{"@type":"ReadAction","target":["https:\/\/www.ofidecoeducativos.es\/blog\/bolas-de-navidad-a-tu-gusto\/"]}]},{"@type":"BreadcrumbList","@id":"https:\/\/www.ofidecoeducativos.es\/blog\/bolas-de-navidad-a-tu-gusto\/#breadcrumb","itemListElement":[{"@type":"ListItem","position":1,"name":"Portada","item":"https:\/\/www.ofidecoeducativos.es\/blog\/"},{"@type":"ListItem","position":2,"name":"Bolas de Navidad a tu gusto."}]},{"@type":"WebSite","@id":"https:\/\/www.ofidecoeducativos.es\/blog\/#website","url":"https:\/\/www.ofidecoeducativos.es\/blog\/","name":"INNOVACI\u00d3N EDUCATIVA A TU ALCANCE","description":"El blog de Ofideco Educativos","publisher":{"@id":"https:\/\/www.ofidecoeducativos.es\/blog\/#organization"},"potentialAction":[{"@type":"SearchAction","target":{"@type":"EntryPoint","urlTemplate":"https:\/\/www.ofidecoeducativos.es\/blog\/?s={search_term_string}"},"query-input":"required name=search_term_string"}],"inLanguage":"es"},{"@type":"Organization","@id":"https:\/\/www.ofidecoeducativos.es\/blog\/#organization","name":"INNOVACI\u00d3N EDUCATIVA A TU ALCANCE","url":"https:\/\/www.ofidecoeducativos.es\/blog\/","logo":{"@type":"ImageObject","inLanguage":"es","@id":"https:\/\/www.ofidecoeducativos.es\/blog\/#\/schema\/logo\/image\/","url":"https:\/\/www.ofidecoeducativos.es\/blog\/wp-content\/uploads\/2023\/12\/cropped-Logo.jpg","contentUrl":"https:\/\/www.ofidecoeducativos.es\/blog\/wp-content\/uploads\/2023\/12\/cropped-Logo.jpg","width":189,"height":71,"caption":"INNOVACI\u00d3N EDUCATIVA A TU ALCANCE"},"image":{"@id":"https:\/\/www.ofidecoeducativos.es\/blog\/#\/schema\/logo\/image\/"}},{"@type":"Person","@id":"https:\/\/www.ofidecoeducativos.es\/blog\/#\/schema\/person\/2d39737885170dc6757d22b34d1051e1","name":"Ofideco Educativos","image":{"@type":"ImageObject","inLanguage":"es","@id":"https:\/\/www.ofidecoeducativos.es\/blog\/#\/schema\/person\/image\/","url":"https:\/\/secure.gravatar.com\/avatar\/819d71e9e31142308a24dbe53f9081f783ec3c49fd3b8af2b78d08391fb6eb2f?s=96&d=mm&r=g","contentUrl":"https:\/\/secure.gravatar.com\/avatar\/819d71e9e31142308a24dbe53f9081f783ec3c49fd3b8af2b78d08391fb6eb2f?s=96&d=mm&r=g","caption":"Ofideco Educativos"},"url":"https:\/\/www.ofidecoeducativos.es\/blog\/author\/ofideco_wp\/"}]}},"_links":{"self":[{"href":"https:\/\/www.ofidecoeducativos.es\/blog\/wp-json\/wp\/v2\/posts\/534","targetHints":{"allow":["GET"]}}],"collection":[{"href":"https:\/\/www.ofidecoeducativos.es\/blog\/wp-json\/wp\/v2\/posts"}],"about":[{"href":"https:\/\/www.ofidecoeducativos.es\/blog\/wp-json\/wp\/v2\/types\/post"}],"author":[{"embeddable":true,"href":"https:\/\/www.ofidecoeducativos.es\/blog\/wp-json\/wp\/v2\/users\/1"}],"replies":[{"embeddable":true,"href":"https:\/\/www.ofidecoeducativos.es\/blog\/wp-json\/wp\/v2\/comments?post=534"}],"version-history":[{"count":2,"href":"https:\/\/www.ofidecoeducativos.es\/blog\/wp-json\/wp\/v2\/posts\/534\/revisions"}],"predecessor-version":[{"id":541,"href":"https:\/\/www.ofidecoeducativos.es\/blog\/wp-json\/wp\/v2\/posts\/534\/revisions\/541"}],"wp:featuredmedia":[{"embeddable":true,"href":"https:\/\/www.ofidecoeducativos.es\/blog\/wp-json\/wp\/v2\/media\/539"}],"wp:attachment":[{"href":"https:\/\/www.ofidecoeducativos.es\/blog\/wp-json\/wp\/v2\/media?parent=534"}],"wp:term":[{"taxonomy":"category","embeddable":true,"href":"https:\/\/www.ofidecoeducativos.es\/blog\/wp-json\/wp\/v2\/categories?post=534"},{"taxonomy":"post_tag","embeddable":true,"href":"https:\/\/www.ofidecoeducativos.es\/blog\/wp-json\/wp\/v2\/tags?post=534"}],"curies":[{"name":"wp","href":"https:\/\/api.w.org\/{rel}","templated":true}]}}