{"id":693,"date":"2024-03-20T11:19:14","date_gmt":"2024-03-20T11:19:14","guid":{"rendered":"https:\/\/www.ofidecoeducativos.es\/blog\/?p=693"},"modified":"2024-03-20T11:19:16","modified_gmt":"2024-03-20T11:19:16","slug":"la-robotica-y-la-programacion-adelantan-por-la-derecha-a-las-principales-ensenanzas-actuales","status":"publish","type":"post","link":"https:\/\/www.ofidecoeducativos.es\/blog\/la-robotica-y-la-programacion-adelantan-por-la-derecha-a-las-principales-ensenanzas-actuales\/","title":{"rendered":"La rob\u00f3tica y la programaci\u00f3n adelantan por la derecha a las principales ense\u00f1anzas actuales."},"content":{"rendered":"\n<p class=\"has-text-align-center\"> La reciente modificaci\u00f3n introducida por la Ley Org\u00e1nica de Modificaci\u00f3n de la Ley Org\u00e1nica de Educaci\u00f3n<strong> (LOMLOE) <\/strong>ha tomado las riendas del aprendizaje de la <strong><a href=\"https:\/\/www.ofidecoeducativos.es\/module\/iqitsearch\/searchiqit?s=robot\">rob\u00f3tica<\/a><\/strong> y la <strong><a href=\"https:\/\/www.ofidecoeducativos.es\/module\/iqitsearch\/searchiqit?s=robot\">programaci\u00f3n<\/a><\/strong> desde las primeras etapas de la educaci\u00f3n hasta la secundaria. Este cambio significativo implica la inclusi\u00f3n de competencias clave, tanto en conocimientos como en destrezas, que los estudiantes deben adquirir al estudiar estas disciplinas.<\/p>\n\n\n<div class=\"wp-block-image\">\n<figure class=\"aligncenter size-large is-resized\"><img loading=\"lazy\" decoding=\"async\" src=\"https:\/\/www.ofidecoeducativos.es\/blog\/wp-content\/uploads\/2024\/03\/post-de-instagram-fotos-minimalista-beige-1-1-1024x1024.png\" alt=\"\" class=\"wp-image-713\" width=\"332\" height=\"332\" srcset=\"https:\/\/www.ofidecoeducativos.es\/blog\/wp-content\/uploads\/2024\/03\/post-de-instagram-fotos-minimalista-beige-1-1-1024x1024.png 1024w, https:\/\/www.ofidecoeducativos.es\/blog\/wp-content\/uploads\/2024\/03\/post-de-instagram-fotos-minimalista-beige-1-1-300x300.png 300w, https:\/\/www.ofidecoeducativos.es\/blog\/wp-content\/uploads\/2024\/03\/post-de-instagram-fotos-minimalista-beige-1-1-150x150.png 150w, https:\/\/www.ofidecoeducativos.es\/blog\/wp-content\/uploads\/2024\/03\/post-de-instagram-fotos-minimalista-beige-1-1-768x768.png 768w, https:\/\/www.ofidecoeducativos.es\/blog\/wp-content\/uploads\/2024\/03\/post-de-instagram-fotos-minimalista-beige-1-1.png 1080w\" sizes=\"auto, (max-width: 332px) 100vw, 332px\" \/><\/figure><\/div>\n\n\n<p class=\"has-text-align-center\"><strong>Pero, \u00bfQu\u00e9 implica exactamente el cambio de enfoque? <\/strong><\/p>\n\n\n\n<p class=\"has-text-align-center\">Esta nueva metodolog\u00eda educativa, de car\u00e1cter transversal, conlleva la integraci\u00f3n de <strong>competencias digitales<\/strong> y <strong>STEM<\/strong> (Ciencia, Tecnolog\u00eda, Ingenier\u00eda y Matem\u00e1ticas) desde el aprendizaje de aplicaciones inform\u00e1ticas hasta la creaci\u00f3n de prototipos y la resoluci\u00f3n de problemas. De este modo, las disciplinas STEM y las tecnolog\u00edas de la informaci\u00f3n y la comunicaci\u00f3n (TIC) se dan la mano, para actuar juntas de manera org\u00e1nica dentro del curr\u00edculo escolar.<\/p>\n\n\n<div class=\"wp-block-image\">\n<figure class=\"aligncenter size-large is-resized\"><img loading=\"lazy\" decoding=\"async\" src=\"https:\/\/www.ofidecoeducativos.es\/blog\/wp-content\/uploads\/2024\/03\/post-de-instagram-fotos-minimalista-beige-4-1024x1024.png\" alt=\"\" class=\"wp-image-716\" width=\"417\" height=\"417\" srcset=\"https:\/\/www.ofidecoeducativos.es\/blog\/wp-content\/uploads\/2024\/03\/post-de-instagram-fotos-minimalista-beige-4-1024x1024.png 1024w, https:\/\/www.ofidecoeducativos.es\/blog\/wp-content\/uploads\/2024\/03\/post-de-instagram-fotos-minimalista-beige-4-300x300.png 300w, https:\/\/www.ofidecoeducativos.es\/blog\/wp-content\/uploads\/2024\/03\/post-de-instagram-fotos-minimalista-beige-4-150x150.png 150w, https:\/\/www.ofidecoeducativos.es\/blog\/wp-content\/uploads\/2024\/03\/post-de-instagram-fotos-minimalista-beige-4-768x768.png 768w, https:\/\/www.ofidecoeducativos.es\/blog\/wp-content\/uploads\/2024\/03\/post-de-instagram-fotos-minimalista-beige-4.png 1080w\" sizes=\"auto, (max-width: 417px) 100vw, 417px\" \/><\/figure><\/div>\n\n\n<p class=\"has-text-align-center\">Las tecnolog\u00edas en entornos educativos siempre han dado que hablar. S\u00ed, querido\/a, siempre. Por lo que este cambio de enfoque no iba a ser menos. La <strong>naturalidad<\/strong> con la que han sido introducidas nos da una pista. Forman parte de nuestra vida y es preciso e importante abordar conocimientos y destrezas tecnol\u00f3gicas. Pueden, incluso, actuar como <strong>canal de aprendizaje<\/strong> de otras materias.<\/p>\n\n\n\n<p class=\"has-text-align-center\"><strong>\u00bfResignarse o unirse a la revoluci\u00f3n?<\/strong><\/p>\n\n\n\n<p class=\"has-text-align-center\">&nbsp;La respuesta parece clara: este nuevo enfoque requiere una <strong>coordinaci\u00f3n efectiva<\/strong> por parte de los <strong>docentes<\/strong>. La implementaci\u00f3n exitosa de esta integraci\u00f3n transversal implica capacitar a los educadores en herramientas digitales y rob\u00f3ticas, as\u00ed como fomentar la creaci\u00f3n de proyectos innovadores que se puedan llevar a cabo en el aula.<\/p>\n\n\n\n<p class=\"has-text-align-center\">La tecnolog\u00eda no se limita solo a las matem\u00e1ticas y la ciencia. Esta integraci\u00f3n tiene el potencial de extenderse a muchos otros contextos. Recientemente, en nuestras jornadas de puertas abiertas, el maestro y experto en pensamiento computacional y rob\u00f3tica, Rub\u00e9n Ferrer, comparti\u00f3 valiosas ideas y pr\u00e1cticas para su implementaci\u00f3n en el aula. Por ejemplo, la <strong>realidad aumentada<\/strong> puede enriquecer la ense\u00f1anza y dinamizar las clases, como en el caso de una <strong>lecci\u00f3n de biolog\u00eda<\/strong> donde los alumnos pueden explorar las diferencias entre vertebrados e invertebrados de manera interactiva.<\/p>\n\n\n<div class=\"wp-block-image\">\n<figure class=\"aligncenter size-large is-resized\"><img loading=\"lazy\" decoding=\"async\" src=\"https:\/\/www.ofidecoeducativos.es\/blog\/wp-content\/uploads\/2024\/03\/post-de-instagram-fotos-minimalista-beige-3-1024x1024.png\" alt=\"\" class=\"wp-image-715\" width=\"418\" height=\"418\" srcset=\"https:\/\/www.ofidecoeducativos.es\/blog\/wp-content\/uploads\/2024\/03\/post-de-instagram-fotos-minimalista-beige-3-1024x1024.png 1024w, https:\/\/www.ofidecoeducativos.es\/blog\/wp-content\/uploads\/2024\/03\/post-de-instagram-fotos-minimalista-beige-3-300x300.png 300w, https:\/\/www.ofidecoeducativos.es\/blog\/wp-content\/uploads\/2024\/03\/post-de-instagram-fotos-minimalista-beige-3-150x150.png 150w, https:\/\/www.ofidecoeducativos.es\/blog\/wp-content\/uploads\/2024\/03\/post-de-instagram-fotos-minimalista-beige-3-768x768.png 768w, https:\/\/www.ofidecoeducativos.es\/blog\/wp-content\/uploads\/2024\/03\/post-de-instagram-fotos-minimalista-beige-3.png 1080w\" sizes=\"auto, (max-width: 418px) 100vw, 418px\" \/><\/figure><\/div>\n\n\n<p class=\"has-text-align-center\">Los <a href=\"https:\/\/www.ofidecoeducativos.es\/robotica-programable-arduino\/robot-weebot-evolution-6-en-1_2129\"><strong>robots<\/strong> <\/a>no son exclusivos para los estudiantes de Secundaria. Hay una amplia gama de robots disponibles en el mercado que permiten trabajar la <a href=\"https:\/\/www.ofidecoeducativos.es\/robotica-programable-arduino\/robot-weebot-evolution-6-en-1_2129\">metodolog\u00eda STEM<\/a>, incluso para <a href=\"https:\/\/www.ofidecoeducativos.es\/robots-para-codificacion\/blue-bot-robot-mat-pack_4181\" target=\"_blank\" rel=\"noreferrer noopener\">los m\u00e1s peque\u00f1os. <\/a><\/p>\n\n\n<div class=\"wp-block-image\">\n<figure class=\"aligncenter size-large is-resized\"><img decoding=\"async\" src=\"https:\/\/www.ofidecoeducativos.es\/blog\/wp-content\/uploads\/2024\/03\/post-de-instagram-fotos-minimalista-beige-2-1024x1024.png\" alt=\"\" class=\"wp-image-714\" width=\"-456\" height=\"-456\" srcset=\"https:\/\/www.ofidecoeducativos.es\/blog\/wp-content\/uploads\/2024\/03\/post-de-instagram-fotos-minimalista-beige-2-1024x1024.png 1024w, https:\/\/www.ofidecoeducativos.es\/blog\/wp-content\/uploads\/2024\/03\/post-de-instagram-fotos-minimalista-beige-2-300x300.png 300w, https:\/\/www.ofidecoeducativos.es\/blog\/wp-content\/uploads\/2024\/03\/post-de-instagram-fotos-minimalista-beige-2-150x150.png 150w, https:\/\/www.ofidecoeducativos.es\/blog\/wp-content\/uploads\/2024\/03\/post-de-instagram-fotos-minimalista-beige-2-768x768.png 768w, https:\/\/www.ofidecoeducativos.es\/blog\/wp-content\/uploads\/2024\/03\/post-de-instagram-fotos-minimalista-beige-2.png 1080w\" sizes=\"(max-width: 1024px) 100vw, 1024px\" \/><\/figure><\/div>\n\n\n<p class=\"has-text-align-center\"> Debemos tener <strong>muy en cuenta<\/strong> y <strong>ser muy cr\u00edticos<\/strong>, en qu\u00e9 medida queremos fomentar las tecnolog\u00edas en un aula. <\/p>\n\n\n\n<p class=\"has-text-align-center\">Quiero concluir este art\u00edculo dejando por escrito una realidad. <strong>El razonamiento, la reflexi\u00f3n y el pensamiento l\u00f3gico preparan al alumnado para los retos del futuro.<\/strong><\/p>\n\n\n<div class=\"wp-block-image\">\n<figure class=\"aligncenter size-large is-resized\"><img loading=\"lazy\" decoding=\"async\" src=\"https:\/\/www.ofidecoeducativos.es\/blog\/wp-content\/uploads\/2023\/12\/Tarjeta-gracias-por-tu-pedido-colorida-y-alegre-rosa-5-9-1024x726.png\" alt=\"\" class=\"wp-image-548\" width=\"547\" height=\"388\" srcset=\"https:\/\/www.ofidecoeducativos.es\/blog\/wp-content\/uploads\/2023\/12\/Tarjeta-gracias-por-tu-pedido-colorida-y-alegre-rosa-5-9-1024x726.png 1024w, https:\/\/www.ofidecoeducativos.es\/blog\/wp-content\/uploads\/2023\/12\/Tarjeta-gracias-por-tu-pedido-colorida-y-alegre-rosa-5-9-300x213.png 300w, https:\/\/www.ofidecoeducativos.es\/blog\/wp-content\/uploads\/2023\/12\/Tarjeta-gracias-por-tu-pedido-colorida-y-alegre-rosa-5-9-768x545.png 768w, https:\/\/www.ofidecoeducativos.es\/blog\/wp-content\/uploads\/2023\/12\/Tarjeta-gracias-por-tu-pedido-colorida-y-alegre-rosa-5-9-1536x1090.png 1536w, https:\/\/www.ofidecoeducativos.es\/blog\/wp-content\/uploads\/2023\/12\/Tarjeta-gracias-por-tu-pedido-colorida-y-alegre-rosa-5-9.png 1748w\" sizes=\"auto, (max-width: 547px) 100vw, 547px\" \/><\/figure><\/div>","protected":false},"excerpt":{"rendered":"<p> (LOMLOE) ha tomado las riendas del aprendizaje de la rob\u00f3tica y la programaci\u00f3n desde las primeras etapas de la educaci\u00f3n hasta la secundaria.<\/p>\n","protected":false},"author":1,"featured_media":717,"comment_status":"closed","ping_status":"open","sticky":false,"template":"","format":"standard","meta":{"om_disable_all_campaigns":false,"_uf_show_specific_survey":0,"_uf_disable_surveys":false,"footnotes":""},"categories":[1,11],"tags":[],"class_list":["post-693","post","type-post","status-publish","format-standard","has-post-thumbnail","hentry","category-sin-categoria","category-noticias_educativas"],"aioseo_notices":[],"yoast_head":"<!-- This site is optimized with the Yoast SEO plugin v20.6 - https:\/\/yoast.com\/wordpress\/plugins\/seo\/ -->\n<title>La rob\u00f3tica y la programaci\u00f3n adelantan por la derecha a las principales ense\u00f1anzas actuales. - INNOVACI\u00d3N EDUCATIVA A TU ALCANCE<\/title>\n<meta name=\"description\" content=\"(LOMLOE) ha tomado las riendas del aprendizaje de la rob\u00f3tica y la programaci\u00f3n desde las primeras etapas de la educaci\u00f3n hasta la secundaria.\" \/>\n<meta name=\"robots\" content=\"index, follow, max-snippet:-1, max-image-preview:large, max-video-preview:-1\" \/>\n<link rel=\"canonical\" href=\"https:\/\/www.ofidecoeducativos.es\/blog\/la-robotica-y-la-programacion-adelantan-por-la-derecha-a-las-principales-ensenanzas-actuales\/\" \/>\n<meta property=\"og:locale\" content=\"es_ES\" \/>\n<meta property=\"og:type\" content=\"article\" \/>\n<meta property=\"og:title\" content=\"La rob\u00f3tica y la programaci\u00f3n adelantan por la derecha a las principales ense\u00f1anzas actuales. - INNOVACI\u00d3N EDUCATIVA A TU ALCANCE\" \/>\n<meta property=\"og:description\" content=\"(LOMLOE) ha tomado las riendas del aprendizaje de la rob\u00f3tica y la programaci\u00f3n desde las primeras etapas de la educaci\u00f3n hasta la secundaria.\" \/>\n<meta property=\"og:url\" content=\"https:\/\/www.ofidecoeducativos.es\/blog\/la-robotica-y-la-programacion-adelantan-por-la-derecha-a-las-principales-ensenanzas-actuales\/\" \/>\n<meta property=\"og:site_name\" content=\"INNOVACI\u00d3N EDUCATIVA A TU ALCANCE\" \/>\n<meta property=\"article:published_time\" content=\"2024-03-20T11:19:14+00:00\" \/>\n<meta property=\"article:modified_time\" content=\"2024-03-20T11:19:16+00:00\" \/>\n<meta property=\"og:image\" content=\"https:\/\/www.ofidecoeducativos.es\/blog\/wp-content\/uploads\/2024\/03\/pexels-kindel-media-7106013-scaled.jpg\" \/>\n\t<meta property=\"og:image:width\" content=\"2560\" \/>\n\t<meta property=\"og:image:height\" content=\"1442\" \/>\n\t<meta property=\"og:image:type\" content=\"image\/jpeg\" \/>\n<meta name=\"author\" content=\"Ofideco Educativos\" \/>\n<meta name=\"twitter:card\" content=\"summary_large_image\" \/>\n<meta name=\"twitter:label1\" content=\"Escrito por\" \/>\n\t<meta name=\"twitter:data1\" content=\"Ofideco Educativos\" \/>\n\t<meta name=\"twitter:label2\" content=\"Tiempo de lectura\" \/>\n\t<meta name=\"twitter:data2\" content=\"3 minutos\" \/>\n<script type=\"application\/ld+json\" class=\"yoast-schema-graph\">{\"@context\":\"https:\/\/schema.org\",\"@graph\":[{\"@type\":\"Article\",\"@id\":\"https:\/\/www.ofidecoeducativos.es\/blog\/la-robotica-y-la-programacion-adelantan-por-la-derecha-a-las-principales-ensenanzas-actuales\/#article\",\"isPartOf\":{\"@id\":\"https:\/\/www.ofidecoeducativos.es\/blog\/la-robotica-y-la-programacion-adelantan-por-la-derecha-a-las-principales-ensenanzas-actuales\/\"},\"author\":{\"name\":\"Ofideco Educativos\",\"@id\":\"https:\/\/www.ofidecoeducativos.es\/blog\/#\/schema\/person\/2d39737885170dc6757d22b34d1051e1\"},\"headline\":\"La rob\u00f3tica y la programaci\u00f3n adelantan por la derecha a las principales ense\u00f1anzas actuales.\",\"datePublished\":\"2024-03-20T11:19:14+00:00\",\"dateModified\":\"2024-03-20T11:19:16+00:00\",\"mainEntityOfPage\":{\"@id\":\"https:\/\/www.ofidecoeducativos.es\/blog\/la-robotica-y-la-programacion-adelantan-por-la-derecha-a-las-principales-ensenanzas-actuales\/\"},\"wordCount\":486,\"publisher\":{\"@id\":\"https:\/\/www.ofidecoeducativos.es\/blog\/#organization\"},\"articleSection\":[\"NOTICIAS\",\"NOTICIAS\"],\"inLanguage\":\"es\"},{\"@type\":\"WebPage\",\"@id\":\"https:\/\/www.ofidecoeducativos.es\/blog\/la-robotica-y-la-programacion-adelantan-por-la-derecha-a-las-principales-ensenanzas-actuales\/\",\"url\":\"https:\/\/www.ofidecoeducativos.es\/blog\/la-robotica-y-la-programacion-adelantan-por-la-derecha-a-las-principales-ensenanzas-actuales\/\",\"name\":\"La rob\u00f3tica y la programaci\u00f3n adelantan por la derecha a las principales ense\u00f1anzas actuales. - INNOVACI\u00d3N EDUCATIVA A TU ALCANCE\",\"isPartOf\":{\"@id\":\"https:\/\/www.ofidecoeducativos.es\/blog\/#website\"},\"datePublished\":\"2024-03-20T11:19:14+00:00\",\"dateModified\":\"2024-03-20T11:19:16+00:00\",\"description\":\"(LOMLOE) ha tomado las riendas del aprendizaje de la rob\u00f3tica y la programaci\u00f3n desde las primeras etapas de la educaci\u00f3n hasta la secundaria.\",\"breadcrumb\":{\"@id\":\"https:\/\/www.ofidecoeducativos.es\/blog\/la-robotica-y-la-programacion-adelantan-por-la-derecha-a-las-principales-ensenanzas-actuales\/#breadcrumb\"},\"inLanguage\":\"es\",\"potentialAction\":[{\"@type\":\"ReadAction\",\"target\":[\"https:\/\/www.ofidecoeducativos.es\/blog\/la-robotica-y-la-programacion-adelantan-por-la-derecha-a-las-principales-ensenanzas-actuales\/\"]}]},{\"@type\":\"BreadcrumbList\",\"@id\":\"https:\/\/www.ofidecoeducativos.es\/blog\/la-robotica-y-la-programacion-adelantan-por-la-derecha-a-las-principales-ensenanzas-actuales\/#breadcrumb\",\"itemListElement\":[{\"@type\":\"ListItem\",\"position\":1,\"name\":\"Portada\",\"item\":\"https:\/\/www.ofidecoeducativos.es\/blog\/\"},{\"@type\":\"ListItem\",\"position\":2,\"name\":\"La rob\u00f3tica y la programaci\u00f3n adelantan por la derecha a las principales ense\u00f1anzas actuales.\"}]},{\"@type\":\"WebSite\",\"@id\":\"https:\/\/www.ofidecoeducativos.es\/blog\/#website\",\"url\":\"https:\/\/www.ofidecoeducativos.es\/blog\/\",\"name\":\"INNOVACI\u00d3N EDUCATIVA A TU ALCANCE\",\"description\":\"El blog de Ofideco Educativos\",\"publisher\":{\"@id\":\"https:\/\/www.ofidecoeducativos.es\/blog\/#organization\"},\"potentialAction\":[{\"@type\":\"SearchAction\",\"target\":{\"@type\":\"EntryPoint\",\"urlTemplate\":\"https:\/\/www.ofidecoeducativos.es\/blog\/?s={search_term_string}\"},\"query-input\":\"required name=search_term_string\"}],\"inLanguage\":\"es\"},{\"@type\":\"Organization\",\"@id\":\"https:\/\/www.ofidecoeducativos.es\/blog\/#organization\",\"name\":\"INNOVACI\u00d3N EDUCATIVA A TU ALCANCE\",\"url\":\"https:\/\/www.ofidecoeducativos.es\/blog\/\",\"logo\":{\"@type\":\"ImageObject\",\"inLanguage\":\"es\",\"@id\":\"https:\/\/www.ofidecoeducativos.es\/blog\/#\/schema\/logo\/image\/\",\"url\":\"https:\/\/www.ofidecoeducativos.es\/blog\/wp-content\/uploads\/2023\/12\/cropped-Logo.jpg\",\"contentUrl\":\"https:\/\/www.ofidecoeducativos.es\/blog\/wp-content\/uploads\/2023\/12\/cropped-Logo.jpg\",\"width\":189,\"height\":71,\"caption\":\"INNOVACI\u00d3N EDUCATIVA A TU ALCANCE\"},\"image\":{\"@id\":\"https:\/\/www.ofidecoeducativos.es\/blog\/#\/schema\/logo\/image\/\"}},{\"@type\":\"Person\",\"@id\":\"https:\/\/www.ofidecoeducativos.es\/blog\/#\/schema\/person\/2d39737885170dc6757d22b34d1051e1\",\"name\":\"Ofideco Educativos\",\"image\":{\"@type\":\"ImageObject\",\"inLanguage\":\"es\",\"@id\":\"https:\/\/www.ofidecoeducativos.es\/blog\/#\/schema\/person\/image\/\",\"url\":\"https:\/\/secure.gravatar.com\/avatar\/819d71e9e31142308a24dbe53f9081f783ec3c49fd3b8af2b78d08391fb6eb2f?s=96&d=mm&r=g\",\"contentUrl\":\"https:\/\/secure.gravatar.com\/avatar\/819d71e9e31142308a24dbe53f9081f783ec3c49fd3b8af2b78d08391fb6eb2f?s=96&d=mm&r=g\",\"caption\":\"Ofideco Educativos\"},\"url\":\"https:\/\/www.ofidecoeducativos.es\/blog\/author\/ofideco_wp\/\"}]}<\/script>\n<!-- \/ Yoast SEO plugin. -->","yoast_head_json":{"title":"La rob\u00f3tica y la programaci\u00f3n adelantan por la derecha a las principales ense\u00f1anzas actuales. - INNOVACI\u00d3N EDUCATIVA A TU ALCANCE","description":"(LOMLOE) ha tomado las riendas del aprendizaje de la rob\u00f3tica y la programaci\u00f3n desde las primeras etapas de la educaci\u00f3n hasta la secundaria.","robots":{"index":"index","follow":"follow","max-snippet":"max-snippet:-1","max-image-preview":"max-image-preview:large","max-video-preview":"max-video-preview:-1"},"canonical":"https:\/\/www.ofidecoeducativos.es\/blog\/la-robotica-y-la-programacion-adelantan-por-la-derecha-a-las-principales-ensenanzas-actuales\/","og_locale":"es_ES","og_type":"article","og_title":"La rob\u00f3tica y la programaci\u00f3n adelantan por la derecha a las principales ense\u00f1anzas actuales. - INNOVACI\u00d3N EDUCATIVA A TU ALCANCE","og_description":"(LOMLOE) ha tomado las riendas del aprendizaje de la rob\u00f3tica y la programaci\u00f3n desde las primeras etapas de la educaci\u00f3n hasta la secundaria.","og_url":"https:\/\/www.ofidecoeducativos.es\/blog\/la-robotica-y-la-programacion-adelantan-por-la-derecha-a-las-principales-ensenanzas-actuales\/","og_site_name":"INNOVACI\u00d3N EDUCATIVA A TU ALCANCE","article_published_time":"2024-03-20T11:19:14+00:00","article_modified_time":"2024-03-20T11:19:16+00:00","og_image":[{"width":2560,"height":1442,"url":"https:\/\/www.ofidecoeducativos.es\/blog\/wp-content\/uploads\/2024\/03\/pexels-kindel-media-7106013-scaled.jpg","type":"image\/jpeg"}],"author":"Ofideco Educativos","twitter_card":"summary_large_image","twitter_misc":{"Escrito por":"Ofideco Educativos","Tiempo de lectura":"3 minutos"},"schema":{"@context":"https:\/\/schema.org","@graph":[{"@type":"Article","@id":"https:\/\/www.ofidecoeducativos.es\/blog\/la-robotica-y-la-programacion-adelantan-por-la-derecha-a-las-principales-ensenanzas-actuales\/#article","isPartOf":{"@id":"https:\/\/www.ofidecoeducativos.es\/blog\/la-robotica-y-la-programacion-adelantan-por-la-derecha-a-las-principales-ensenanzas-actuales\/"},"author":{"name":"Ofideco Educativos","@id":"https:\/\/www.ofidecoeducativos.es\/blog\/#\/schema\/person\/2d39737885170dc6757d22b34d1051e1"},"headline":"La rob\u00f3tica y la programaci\u00f3n adelantan por la derecha a las principales ense\u00f1anzas actuales.","datePublished":"2024-03-20T11:19:14+00:00","dateModified":"2024-03-20T11:19:16+00:00","mainEntityOfPage":{"@id":"https:\/\/www.ofidecoeducativos.es\/blog\/la-robotica-y-la-programacion-adelantan-por-la-derecha-a-las-principales-ensenanzas-actuales\/"},"wordCount":486,"publisher":{"@id":"https:\/\/www.ofidecoeducativos.es\/blog\/#organization"},"articleSection":["NOTICIAS","NOTICIAS"],"inLanguage":"es"},{"@type":"WebPage","@id":"https:\/\/www.ofidecoeducativos.es\/blog\/la-robotica-y-la-programacion-adelantan-por-la-derecha-a-las-principales-ensenanzas-actuales\/","url":"https:\/\/www.ofidecoeducativos.es\/blog\/la-robotica-y-la-programacion-adelantan-por-la-derecha-a-las-principales-ensenanzas-actuales\/","name":"La rob\u00f3tica y la programaci\u00f3n adelantan por la derecha a las principales ense\u00f1anzas actuales. - INNOVACI\u00d3N EDUCATIVA A TU ALCANCE","isPartOf":{"@id":"https:\/\/www.ofidecoeducativos.es\/blog\/#website"},"datePublished":"2024-03-20T11:19:14+00:00","dateModified":"2024-03-20T11:19:16+00:00","description":"(LOMLOE) ha tomado las riendas del aprendizaje de la rob\u00f3tica y la programaci\u00f3n desde las primeras etapas de la educaci\u00f3n hasta la secundaria.","breadcrumb":{"@id":"https:\/\/www.ofidecoeducativos.es\/blog\/la-robotica-y-la-programacion-adelantan-por-la-derecha-a-las-principales-ensenanzas-actuales\/#breadcrumb"},"inLanguage":"es","potentialAction":[{"@type":"ReadAction","target":["https:\/\/www.ofidecoeducativos.es\/blog\/la-robotica-y-la-programacion-adelantan-por-la-derecha-a-las-principales-ensenanzas-actuales\/"]}]},{"@type":"BreadcrumbList","@id":"https:\/\/www.ofidecoeducativos.es\/blog\/la-robotica-y-la-programacion-adelantan-por-la-derecha-a-las-principales-ensenanzas-actuales\/#breadcrumb","itemListElement":[{"@type":"ListItem","position":1,"name":"Portada","item":"https:\/\/www.ofidecoeducativos.es\/blog\/"},{"@type":"ListItem","position":2,"name":"La rob\u00f3tica y la programaci\u00f3n adelantan por la derecha a las principales ense\u00f1anzas actuales."}]},{"@type":"WebSite","@id":"https:\/\/www.ofidecoeducativos.es\/blog\/#website","url":"https:\/\/www.ofidecoeducativos.es\/blog\/","name":"INNOVACI\u00d3N EDUCATIVA A TU ALCANCE","description":"El blog de Ofideco Educativos","publisher":{"@id":"https:\/\/www.ofidecoeducativos.es\/blog\/#organization"},"potentialAction":[{"@type":"SearchAction","target":{"@type":"EntryPoint","urlTemplate":"https:\/\/www.ofidecoeducativos.es\/blog\/?s={search_term_string}"},"query-input":"required name=search_term_string"}],"inLanguage":"es"},{"@type":"Organization","@id":"https:\/\/www.ofidecoeducativos.es\/blog\/#organization","name":"INNOVACI\u00d3N EDUCATIVA A TU ALCANCE","url":"https:\/\/www.ofidecoeducativos.es\/blog\/","logo":{"@type":"ImageObject","inLanguage":"es","@id":"https:\/\/www.ofidecoeducativos.es\/blog\/#\/schema\/logo\/image\/","url":"https:\/\/www.ofidecoeducativos.es\/blog\/wp-content\/uploads\/2023\/12\/cropped-Logo.jpg","contentUrl":"https:\/\/www.ofidecoeducativos.es\/blog\/wp-content\/uploads\/2023\/12\/cropped-Logo.jpg","width":189,"height":71,"caption":"INNOVACI\u00d3N EDUCATIVA A TU ALCANCE"},"image":{"@id":"https:\/\/www.ofidecoeducativos.es\/blog\/#\/schema\/logo\/image\/"}},{"@type":"Person","@id":"https:\/\/www.ofidecoeducativos.es\/blog\/#\/schema\/person\/2d39737885170dc6757d22b34d1051e1","name":"Ofideco Educativos","image":{"@type":"ImageObject","inLanguage":"es","@id":"https:\/\/www.ofidecoeducativos.es\/blog\/#\/schema\/person\/image\/","url":"https:\/\/secure.gravatar.com\/avatar\/819d71e9e31142308a24dbe53f9081f783ec3c49fd3b8af2b78d08391fb6eb2f?s=96&d=mm&r=g","contentUrl":"https:\/\/secure.gravatar.com\/avatar\/819d71e9e31142308a24dbe53f9081f783ec3c49fd3b8af2b78d08391fb6eb2f?s=96&d=mm&r=g","caption":"Ofideco Educativos"},"url":"https:\/\/www.ofidecoeducativos.es\/blog\/author\/ofideco_wp\/"}]}},"_links":{"self":[{"href":"https:\/\/www.ofidecoeducativos.es\/blog\/wp-json\/wp\/v2\/posts\/693","targetHints":{"allow":["GET"]}}],"collection":[{"href":"https:\/\/www.ofidecoeducativos.es\/blog\/wp-json\/wp\/v2\/posts"}],"about":[{"href":"https:\/\/www.ofidecoeducativos.es\/blog\/wp-json\/wp\/v2\/types\/post"}],"author":[{"embeddable":true,"href":"https:\/\/www.ofidecoeducativos.es\/blog\/wp-json\/wp\/v2\/users\/1"}],"replies":[{"embeddable":true,"href":"https:\/\/www.ofidecoeducativos.es\/blog\/wp-json\/wp\/v2\/comments?post=693"}],"version-history":[{"count":1,"href":"https:\/\/www.ofidecoeducativos.es\/blog\/wp-json\/wp\/v2\/posts\/693\/revisions"}],"predecessor-version":[{"id":718,"href":"https:\/\/www.ofidecoeducativos.es\/blog\/wp-json\/wp\/v2\/posts\/693\/revisions\/718"}],"wp:featuredmedia":[{"embeddable":true,"href":"https:\/\/www.ofidecoeducativos.es\/blog\/wp-json\/wp\/v2\/media\/717"}],"wp:attachment":[{"href":"https:\/\/www.ofidecoeducativos.es\/blog\/wp-json\/wp\/v2\/media?parent=693"}],"wp:term":[{"taxonomy":"category","embeddable":true,"href":"https:\/\/www.ofidecoeducativos.es\/blog\/wp-json\/wp\/v2\/categories?post=693"},{"taxonomy":"post_tag","embeddable":true,"href":"https:\/\/www.ofidecoeducativos.es\/blog\/wp-json\/wp\/v2\/tags?post=693"}],"curies":[{"name":"wp","href":"https:\/\/api.w.org\/{rel}","templated":true}]}}