{"id":809,"date":"2024-06-25T08:52:12","date_gmt":"2024-06-25T08:52:12","guid":{"rendered":"https:\/\/www.ofidecoeducativos.es\/blog\/?p=809"},"modified":"2024-06-25T08:52:13","modified_gmt":"2024-06-25T08:52:13","slug":"aulas-armonicas-la-clave-para-que-el-cerebro-de-los-mas-pequenos-trabaje-adecuadamente","status":"publish","type":"post","link":"https:\/\/www.ofidecoeducativos.es\/blog\/aulas-armonicas-la-clave-para-que-el-cerebro-de-los-mas-pequenos-trabaje-adecuadamente\/","title":{"rendered":"Aulas arm\u00f3nicas. La clave para que el cerebro de los m\u00e1s peque\u00f1os trabaje adecuadamente."},"content":{"rendered":"\n<p class=\"has-text-align-center\">El entorno en el que los ni\u00f1os aprenden y crecen tiene un <strong>impacto significativo<\/strong> en su <strong>desarrollo cognitivo y emocional<\/strong>. La armon\u00eda de colores en estos espacios puede influir profundamente en el cerebro infantil, afectando su capacidad de aprendizaje, concentraci\u00f3n, creatividad y bienestar emocional. \u00bfC\u00f3mo responde el cerebro de los ni\u00f1os a un entorno de colores armoniosos? Qu\u00e9date y lo descubrir\u00e1s.<\/p>\n\n\n\n<h2 class=\"wp-block-heading\">La Neurociencia de la Percepci\u00f3n del Color<\/h2>\n\n\n\n<p class=\"has-text-align-center\">El cerebro humano es <em>altamente receptivo<\/em> a los <strong>est\u00edmulos visuales<\/strong>, y los colores juegan un papel crucial en esta percepci\u00f3n. Cuando los ojos captan un color, las se\u00f1ales el\u00e9ctricas se env\u00edan al cerebro, donde se procesan en la corteza visual. Esta informaci\u00f3n se integra luego con otras \u00e1reas del cerebro, incluidas las responsables de las emociones, el comportamiento y la cognici\u00f3n.<\/p>\n\n\n\n<figure class=\"wp-block-gallery has-nested-images columns-default is-cropped wp-block-gallery-1 is-layout-flex wp-block-gallery-is-layout-flex\">\n<figure class=\"wp-block-image size-large\"><img loading=\"lazy\" decoding=\"async\" width=\"800\" height=\"747\" data-id=\"810\" src=\"https:\/\/www.ofidecoeducativos.es\/blog\/wp-content\/uploads\/2024\/06\/noticia-header-principal.jpg\" alt=\"\" class=\"wp-image-810\" srcset=\"https:\/\/www.ofidecoeducativos.es\/blog\/wp-content\/uploads\/2024\/06\/noticia-header-principal.jpg 800w, https:\/\/www.ofidecoeducativos.es\/blog\/wp-content\/uploads\/2024\/06\/noticia-header-principal-300x280.jpg 300w, https:\/\/www.ofidecoeducativos.es\/blog\/wp-content\/uploads\/2024\/06\/noticia-header-principal-768x717.jpg 768w\" sizes=\"auto, (max-width: 800px) 100vw, 800px\" \/><\/figure>\n<\/figure>\n\n\n\n<h2 class=\"wp-block-heading\">Efectos de la Armon\u00eda de Colores en el Cerebro Infantil<\/h2>\n\n\n\n<h3 class=\"wp-block-heading\">Reducci\u00f3n del Estr\u00e9s y la Ansiedad<\/h3>\n\n\n\n<p class=\"has-text-align-center\">U<strong>n <\/strong><mark style=\"background-color:rgba(0, 0, 0, 0)\" class=\"has-inline-color has-accent-color\"><strong>entorno armonioso<\/strong> <\/mark>en t\u00e9rminos de colores puede ayudar a reducir el estr\u00e9s y la ansiedad en los ni\u00f1os. La percepci\u00f3n de equilibrio y orden que proporcionan los colores armoniosos env\u00eda se\u00f1ales al cerebro que pueden disminuir la producci\u00f3n de cortisol, la hormona del estr\u00e9s. Esto crea un ambiente m\u00e1s relajado, donde los <strong>ni\u00f1os<\/strong> se sienten <mark style=\"background-color:rgba(0, 0, 0, 0)\" class=\"has-inline-color has-accent-color\"><strong>seguros<\/strong> y <strong>c\u00f3modos<\/strong><\/mark>, lo cual es esencial para un <strong>aprendizaje efectivo<\/strong>.<\/p>\n\n\n\n<h3 class=\"wp-block-heading\">Mejora de la Concentraci\u00f3n<\/h3>\n\n\n\n<p class=\"has-text-align-center\">El cerebro infantil est\u00e1 en constante desarrollo, y la capacidad de concentraci\u00f3n es una habilidad cr\u00edtica en esta etapa. Un entorno armonioso en colores puede minimizar las distracciones visuales y ayudar a los ni\u00f1os a mantener la <strong>atenci\u00f3n<\/strong> en sus tareas. La percepci\u00f3n de un espacio equilibrado facilita la capacidad del cerebro para enfocarse en actividades espec\u00edficas,<strong><mark style=\"background-color:rgba(0, 0, 0, 0)\" class=\"has-inline-color has-accent-color\"> mejorando as\u00ed el rendimiento acad\u00e9mico<\/mark>.<\/strong><\/p>\n\n\n\n<h3 class=\"wp-block-heading\">Fomento de la Creatividad<\/h3>\n\n\n\n<p class=\"has-text-align-center\">La creatividad es una habilidad vital que se desarrolla en la ni\u00f1ez y que se ve beneficiada por un entorno visualmente estimulante pero no ca\u00f3tico. La armon\u00eda de colores proporciona un equilibrio que permite a los ni\u00f1os sentirse inspirados sin sentirse abrumados. Este entorno puede estimular el <strong>pensamiento creativo<\/strong> y la <strong>innovaci\u00f3n<\/strong>, permitiendo a los ni\u00f1os explorar nuevas ideas y soluciones.<\/p>\n\n\n\n<h3 class=\"wp-block-heading\">Apoyo al Bienestar Emocional<\/h3>\n\n\n\n<p class=\"has-text-align-center\">El bienestar emocional es crucial para el desarrollo integral de los ni\u00f1os. Un entorno de colores armoniosos puede evocar sentimientos de <strong>alegr\u00eda<\/strong>, <strong>calma<\/strong> y <strong>satisfacci\u00f3n<\/strong>. La percepci\u00f3n de un espacio armonioso puede influir positivamente en el estado de \u00e1nimo de los ni\u00f1os, ayud\u00e1ndolos a sentirse m\u00e1s<mark style=\"background-color:rgba(0, 0, 0, 0)\" class=\"has-inline-color has-accent-color\"> felices y emocionalmente equilibrados<\/mark>. Esto es especialmente importante en un entorno educativo, donde el bienestar emocional puede impactar directamente en el aprendizaje y la interacci\u00f3n social.<\/p>\n\n\n\n<h3 class=\"wp-block-heading\">Estudios de Im\u00e1genes Cerebrales<\/h3>\n\n\n\n<p class=\"has-text-align-center\"><em><mark style=\"background-color:rgba(0, 0, 0, 0)\" class=\"has-inline-color has-accent-color\"><strong>Investigaciones utilizando t\u00e9cnicas de neuroimagen, como la resonancia magn\u00e9tica funcional (FMRI), han demostrado que la exposici\u00f3n a entornos visualmente armoniosos activa \u00e1reas del cerebro asociadas con la recompensa y el placer, como el n\u00facleo accumbens y la corteza prefrontal. Estas \u00e1reas son responsables de la regulaci\u00f3n de las emociones y la toma de decisiones, lo que sugiere que la armon\u00eda de colores puede tener un impacto positivo en la motivaci\u00f3n y el comportamiento de los ni\u00f1os<\/strong>.<\/mark><\/em><\/p>\n\n\n\n<p>COLORES GRAU. IMPACTO EN LA PRIMERA INFANCIA.<\/p>\n\n\n\n<h3 class=\"wp-block-heading\">Mostaza<\/h3>\n\n\n\n<ul class=\"wp-block-list\">\n<li><strong><em>Estimula la Creatividad:<\/em><\/strong> Ayuda a pensar de manera innovadora y a encontrar soluciones originales a los problemas.<\/li>\n\n\n\n<li><strong><em>Promueve el Optimismo:<\/em><\/strong> Asociado con el sol y la luz, el mostaza puede mejorar el estado de \u00e1nimo de los ni\u00f1os, fomentando un enfoque positivo hacia las tareas y actividades diarias.<\/li>\n<\/ul>\n\n\n\n<h3 class=\"wp-block-heading\">Grafito<\/h3>\n\n\n\n<ul class=\"wp-block-list\">\n<li><strong><em>Facilita la Concentraci\u00f3n:<\/em><\/strong> El grafito es un color neutral que proporciona un fondo tranquilo y estable. Ayuda a los ni\u00f1os a concentrarse mejor en las actividades escolares al reducir las distracciones visuales.<\/li>\n\n\n\n<li><strong><em>Transmite Estabilidad:<\/em><\/strong> Con su tono elegante y sofisticado, el grafito puede transmitir una sensaci\u00f3n de estabilidad emocional, proporcionando un entorno seguro y calmado para el aprendizaje.<\/li>\n<\/ul>\n\n\n\n<h3 class=\"wp-block-heading\">Oliva<\/h3>\n\n\n\n<ul class=\"wp-block-list\">\n<li><strong><em>Conexi\u00f3n con la Naturaleza:<\/em><\/strong> El color oliva est\u00e1 asociado con la naturaleza y puede crear una sensaci\u00f3n de conexi\u00f3n con el entorno natural. Esto puede promover la relajaci\u00f3n y reducir el estr\u00e9s en los ni\u00f1os.<\/li>\n\n\n\n<li><em><strong>Bienestar Emocional:<\/strong> <\/em>El oliva tiene un efecto tranquilizador que puede mejorar el bienestar emocional de los ni\u00f1os, ayud\u00e1ndoles a sentirse m\u00e1s seguros y en paz consigo mismos.<\/li>\n<\/ul>\n\n\n\n<h3 class=\"wp-block-heading\">Azul<\/h3>\n\n\n\n<ul class=\"wp-block-list\">\n<li><em><strong>Calma y Claridad Mental:<\/strong> <\/em>El azul es conocido por sus efectos calmantes y su capacidad para promover la claridad mental. Ayuda a los ni\u00f1os a mantener la calma y a concentrarse mejor en las tareas escolares.<\/li>\n\n\n\n<li><strong><em>Facilita el Aprendizaje:<\/em><\/strong> Al estimular la concentraci\u00f3n y reducir la agitaci\u00f3n, el azul facilita un ambiente propicio para el aprendizaje efectivo y la retenci\u00f3n de informaci\u00f3N.<\/li>\n<\/ul>\n\n\n\n<p>El color importa, y mucho. Cu\u00eddalo y estar\u00e1s a su vez mimando a los m\u00e1s peque\u00f1os.<\/p>\n\n\n\n<figure class=\"wp-block-gallery has-nested-images columns-default is-cropped wp-block-gallery-2 is-layout-flex wp-block-gallery-is-layout-flex\">\n<figure class=\"wp-block-image size-large\"><img loading=\"lazy\" decoding=\"async\" width=\"1024\" height=\"726\" data-id=\"573\" src=\"https:\/\/www.ofidecoeducativos.es\/blog\/wp-content\/uploads\/2023\/12\/Tarjeta-gracias-por-tu-pedido-colorida-y-alegre-rosa-5-11-1024x726.png\" alt=\"\" class=\"wp-image-573\" srcset=\"https:\/\/www.ofidecoeducativos.es\/blog\/wp-content\/uploads\/2023\/12\/Tarjeta-gracias-por-tu-pedido-colorida-y-alegre-rosa-5-11-1024x726.png 1024w, https:\/\/www.ofidecoeducativos.es\/blog\/wp-content\/uploads\/2023\/12\/Tarjeta-gracias-por-tu-pedido-colorida-y-alegre-rosa-5-11-300x213.png 300w, https:\/\/www.ofidecoeducativos.es\/blog\/wp-content\/uploads\/2023\/12\/Tarjeta-gracias-por-tu-pedido-colorida-y-alegre-rosa-5-11-768x545.png 768w, https:\/\/www.ofidecoeducativos.es\/blog\/wp-content\/uploads\/2023\/12\/Tarjeta-gracias-por-tu-pedido-colorida-y-alegre-rosa-5-11-1536x1090.png 1536w, https:\/\/www.ofidecoeducativos.es\/blog\/wp-content\/uploads\/2023\/12\/Tarjeta-gracias-por-tu-pedido-colorida-y-alegre-rosa-5-11.png 1748w\" sizes=\"auto, (max-width: 1024px) 100vw, 1024px\" \/><\/figure>\n<\/figure>\n","protected":false},"excerpt":{"rendered":"<p>El entorno en el que los ni\u00f1os aprenden y crecen tiene un impacto significativo en su desarrollo cognitivo y emocional.<\/p>\n","protected":false},"author":1,"featured_media":811,"comment_status":"closed","ping_status":"open","sticky":true,"template":"","format":"standard","meta":{"om_disable_all_campaigns":false,"_uf_show_specific_survey":0,"_uf_disable_surveys":false,"footnotes":""},"categories":[4],"tags":[],"class_list":["post-809","post","type-post","status-publish","format-standard","has-post-thumbnail","hentry","category-aulas_transformadoras"],"aioseo_notices":[],"yoast_head":"<!-- This site is optimized with the Yoast SEO plugin v20.6 - https:\/\/yoast.com\/wordpress\/plugins\/seo\/ -->\n<title>Aulas arm\u00f3nicas. La clave para que el cerebro de los m\u00e1s peque\u00f1os trabaje adecuadamente. - INNOVACI\u00d3N EDUCATIVA A TU ALCANCE<\/title>\n<meta name=\"description\" content=\"El entorno en el que los ni\u00f1os aprenden y crecen tiene un impacto significativo en su desarrollo cognitivo y emocional.\" \/>\n<meta name=\"robots\" content=\"index, follow, max-snippet:-1, max-image-preview:large, max-video-preview:-1\" \/>\n<link rel=\"canonical\" href=\"https:\/\/www.ofidecoeducativos.es\/blog\/aulas-armonicas-la-clave-para-que-el-cerebro-de-los-mas-pequenos-trabaje-adecuadamente\/\" \/>\n<meta property=\"og:locale\" content=\"es_ES\" \/>\n<meta property=\"og:type\" content=\"article\" \/>\n<meta property=\"og:title\" content=\"Aulas arm\u00f3nicas. La clave para que el cerebro de los m\u00e1s peque\u00f1os trabaje adecuadamente. - INNOVACI\u00d3N EDUCATIVA A TU ALCANCE\" \/>\n<meta property=\"og:description\" content=\"El entorno en el que los ni\u00f1os aprenden y crecen tiene un impacto significativo en su desarrollo cognitivo y emocional.\" \/>\n<meta property=\"og:url\" content=\"https:\/\/www.ofidecoeducativos.es\/blog\/aulas-armonicas-la-clave-para-que-el-cerebro-de-los-mas-pequenos-trabaje-adecuadamente\/\" \/>\n<meta property=\"og:site_name\" content=\"INNOVACI\u00d3N EDUCATIVA A TU ALCANCE\" \/>\n<meta property=\"article:published_time\" content=\"2024-06-25T08:52:12+00:00\" \/>\n<meta property=\"article:modified_time\" content=\"2024-06-25T08:52:13+00:00\" \/>\n<meta property=\"og:image\" content=\"https:\/\/www.ofidecoeducativos.es\/blog\/wp-content\/uploads\/2024\/06\/slide5-project-vilanova.jpg\" \/>\n\t<meta property=\"og:image:width\" content=\"1450\" \/>\n\t<meta property=\"og:image:height\" content=\"895\" \/>\n\t<meta property=\"og:image:type\" content=\"image\/jpeg\" \/>\n<meta name=\"author\" content=\"Ofideco Educativos\" \/>\n<meta name=\"twitter:card\" content=\"summary_large_image\" \/>\n<meta name=\"twitter:label1\" content=\"Escrito por\" \/>\n\t<meta name=\"twitter:data1\" content=\"Ofideco Educativos\" \/>\n\t<meta name=\"twitter:label2\" content=\"Tiempo de lectura\" \/>\n\t<meta name=\"twitter:data2\" content=\"4 minutos\" \/>\n<script type=\"application\/ld+json\" class=\"yoast-schema-graph\">{\"@context\":\"https:\/\/schema.org\",\"@graph\":[{\"@type\":\"Article\",\"@id\":\"https:\/\/www.ofidecoeducativos.es\/blog\/aulas-armonicas-la-clave-para-que-el-cerebro-de-los-mas-pequenos-trabaje-adecuadamente\/#article\",\"isPartOf\":{\"@id\":\"https:\/\/www.ofidecoeducativos.es\/blog\/aulas-armonicas-la-clave-para-que-el-cerebro-de-los-mas-pequenos-trabaje-adecuadamente\/\"},\"author\":{\"name\":\"Ofideco Educativos\",\"@id\":\"https:\/\/www.ofidecoeducativos.es\/blog\/#\/schema\/person\/2d39737885170dc6757d22b34d1051e1\"},\"headline\":\"Aulas arm\u00f3nicas. La clave para que el cerebro de los m\u00e1s peque\u00f1os trabaje adecuadamente.\",\"datePublished\":\"2024-06-25T08:52:12+00:00\",\"dateModified\":\"2024-06-25T08:52:13+00:00\",\"mainEntityOfPage\":{\"@id\":\"https:\/\/www.ofidecoeducativos.es\/blog\/aulas-armonicas-la-clave-para-que-el-cerebro-de-los-mas-pequenos-trabaje-adecuadamente\/\"},\"wordCount\":855,\"publisher\":{\"@id\":\"https:\/\/www.ofidecoeducativos.es\/blog\/#organization\"},\"articleSection\":[\"AULAS DE FUTURO\"],\"inLanguage\":\"es\"},{\"@type\":\"WebPage\",\"@id\":\"https:\/\/www.ofidecoeducativos.es\/blog\/aulas-armonicas-la-clave-para-que-el-cerebro-de-los-mas-pequenos-trabaje-adecuadamente\/\",\"url\":\"https:\/\/www.ofidecoeducativos.es\/blog\/aulas-armonicas-la-clave-para-que-el-cerebro-de-los-mas-pequenos-trabaje-adecuadamente\/\",\"name\":\"Aulas arm\u00f3nicas. La clave para que el cerebro de los m\u00e1s peque\u00f1os trabaje adecuadamente. - INNOVACI\u00d3N EDUCATIVA A TU ALCANCE\",\"isPartOf\":{\"@id\":\"https:\/\/www.ofidecoeducativos.es\/blog\/#website\"},\"datePublished\":\"2024-06-25T08:52:12+00:00\",\"dateModified\":\"2024-06-25T08:52:13+00:00\",\"description\":\"El entorno en el que los ni\u00f1os aprenden y crecen tiene un impacto significativo en su desarrollo cognitivo y emocional.\",\"breadcrumb\":{\"@id\":\"https:\/\/www.ofidecoeducativos.es\/blog\/aulas-armonicas-la-clave-para-que-el-cerebro-de-los-mas-pequenos-trabaje-adecuadamente\/#breadcrumb\"},\"inLanguage\":\"es\",\"potentialAction\":[{\"@type\":\"ReadAction\",\"target\":[\"https:\/\/www.ofidecoeducativos.es\/blog\/aulas-armonicas-la-clave-para-que-el-cerebro-de-los-mas-pequenos-trabaje-adecuadamente\/\"]}]},{\"@type\":\"BreadcrumbList\",\"@id\":\"https:\/\/www.ofidecoeducativos.es\/blog\/aulas-armonicas-la-clave-para-que-el-cerebro-de-los-mas-pequenos-trabaje-adecuadamente\/#breadcrumb\",\"itemListElement\":[{\"@type\":\"ListItem\",\"position\":1,\"name\":\"Portada\",\"item\":\"https:\/\/www.ofidecoeducativos.es\/blog\/\"},{\"@type\":\"ListItem\",\"position\":2,\"name\":\"Aulas arm\u00f3nicas. La clave para que el cerebro de los m\u00e1s peque\u00f1os trabaje adecuadamente.\"}]},{\"@type\":\"WebSite\",\"@id\":\"https:\/\/www.ofidecoeducativos.es\/blog\/#website\",\"url\":\"https:\/\/www.ofidecoeducativos.es\/blog\/\",\"name\":\"INNOVACI\u00d3N EDUCATIVA A TU ALCANCE\",\"description\":\"El blog de Ofideco Educativos\",\"publisher\":{\"@id\":\"https:\/\/www.ofidecoeducativos.es\/blog\/#organization\"},\"potentialAction\":[{\"@type\":\"SearchAction\",\"target\":{\"@type\":\"EntryPoint\",\"urlTemplate\":\"https:\/\/www.ofidecoeducativos.es\/blog\/?s={search_term_string}\"},\"query-input\":\"required name=search_term_string\"}],\"inLanguage\":\"es\"},{\"@type\":\"Organization\",\"@id\":\"https:\/\/www.ofidecoeducativos.es\/blog\/#organization\",\"name\":\"INNOVACI\u00d3N EDUCATIVA A TU ALCANCE\",\"url\":\"https:\/\/www.ofidecoeducativos.es\/blog\/\",\"logo\":{\"@type\":\"ImageObject\",\"inLanguage\":\"es\",\"@id\":\"https:\/\/www.ofidecoeducativos.es\/blog\/#\/schema\/logo\/image\/\",\"url\":\"https:\/\/www.ofidecoeducativos.es\/blog\/wp-content\/uploads\/2023\/12\/cropped-Logo.jpg\",\"contentUrl\":\"https:\/\/www.ofidecoeducativos.es\/blog\/wp-content\/uploads\/2023\/12\/cropped-Logo.jpg\",\"width\":189,\"height\":71,\"caption\":\"INNOVACI\u00d3N EDUCATIVA A TU ALCANCE\"},\"image\":{\"@id\":\"https:\/\/www.ofidecoeducativos.es\/blog\/#\/schema\/logo\/image\/\"}},{\"@type\":\"Person\",\"@id\":\"https:\/\/www.ofidecoeducativos.es\/blog\/#\/schema\/person\/2d39737885170dc6757d22b34d1051e1\",\"name\":\"Ofideco Educativos\",\"image\":{\"@type\":\"ImageObject\",\"inLanguage\":\"es\",\"@id\":\"https:\/\/www.ofidecoeducativos.es\/blog\/#\/schema\/person\/image\/\",\"url\":\"https:\/\/secure.gravatar.com\/avatar\/819d71e9e31142308a24dbe53f9081f783ec3c49fd3b8af2b78d08391fb6eb2f?s=96&d=mm&r=g\",\"contentUrl\":\"https:\/\/secure.gravatar.com\/avatar\/819d71e9e31142308a24dbe53f9081f783ec3c49fd3b8af2b78d08391fb6eb2f?s=96&d=mm&r=g\",\"caption\":\"Ofideco Educativos\"},\"url\":\"https:\/\/www.ofidecoeducativos.es\/blog\/author\/ofideco_wp\/\"}]}<\/script>\n<!-- \/ Yoast SEO plugin. -->","yoast_head_json":{"title":"Aulas arm\u00f3nicas. La clave para que el cerebro de los m\u00e1s peque\u00f1os trabaje adecuadamente. - INNOVACI\u00d3N EDUCATIVA A TU ALCANCE","description":"El entorno en el que los ni\u00f1os aprenden y crecen tiene un impacto significativo en su desarrollo cognitivo y emocional.","robots":{"index":"index","follow":"follow","max-snippet":"max-snippet:-1","max-image-preview":"max-image-preview:large","max-video-preview":"max-video-preview:-1"},"canonical":"https:\/\/www.ofidecoeducativos.es\/blog\/aulas-armonicas-la-clave-para-que-el-cerebro-de-los-mas-pequenos-trabaje-adecuadamente\/","og_locale":"es_ES","og_type":"article","og_title":"Aulas arm\u00f3nicas. La clave para que el cerebro de los m\u00e1s peque\u00f1os trabaje adecuadamente. - INNOVACI\u00d3N EDUCATIVA A TU ALCANCE","og_description":"El entorno en el que los ni\u00f1os aprenden y crecen tiene un impacto significativo en su desarrollo cognitivo y emocional.","og_url":"https:\/\/www.ofidecoeducativos.es\/blog\/aulas-armonicas-la-clave-para-que-el-cerebro-de-los-mas-pequenos-trabaje-adecuadamente\/","og_site_name":"INNOVACI\u00d3N EDUCATIVA A TU ALCANCE","article_published_time":"2024-06-25T08:52:12+00:00","article_modified_time":"2024-06-25T08:52:13+00:00","og_image":[{"width":1450,"height":895,"url":"https:\/\/www.ofidecoeducativos.es\/blog\/wp-content\/uploads\/2024\/06\/slide5-project-vilanova.jpg","type":"image\/jpeg"}],"author":"Ofideco Educativos","twitter_card":"summary_large_image","twitter_misc":{"Escrito por":"Ofideco Educativos","Tiempo de lectura":"4 minutos"},"schema":{"@context":"https:\/\/schema.org","@graph":[{"@type":"Article","@id":"https:\/\/www.ofidecoeducativos.es\/blog\/aulas-armonicas-la-clave-para-que-el-cerebro-de-los-mas-pequenos-trabaje-adecuadamente\/#article","isPartOf":{"@id":"https:\/\/www.ofidecoeducativos.es\/blog\/aulas-armonicas-la-clave-para-que-el-cerebro-de-los-mas-pequenos-trabaje-adecuadamente\/"},"author":{"name":"Ofideco Educativos","@id":"https:\/\/www.ofidecoeducativos.es\/blog\/#\/schema\/person\/2d39737885170dc6757d22b34d1051e1"},"headline":"Aulas arm\u00f3nicas. La clave para que el cerebro de los m\u00e1s peque\u00f1os trabaje adecuadamente.","datePublished":"2024-06-25T08:52:12+00:00","dateModified":"2024-06-25T08:52:13+00:00","mainEntityOfPage":{"@id":"https:\/\/www.ofidecoeducativos.es\/blog\/aulas-armonicas-la-clave-para-que-el-cerebro-de-los-mas-pequenos-trabaje-adecuadamente\/"},"wordCount":855,"publisher":{"@id":"https:\/\/www.ofidecoeducativos.es\/blog\/#organization"},"articleSection":["AULAS DE FUTURO"],"inLanguage":"es"},{"@type":"WebPage","@id":"https:\/\/www.ofidecoeducativos.es\/blog\/aulas-armonicas-la-clave-para-que-el-cerebro-de-los-mas-pequenos-trabaje-adecuadamente\/","url":"https:\/\/www.ofidecoeducativos.es\/blog\/aulas-armonicas-la-clave-para-que-el-cerebro-de-los-mas-pequenos-trabaje-adecuadamente\/","name":"Aulas arm\u00f3nicas. La clave para que el cerebro de los m\u00e1s peque\u00f1os trabaje adecuadamente. - INNOVACI\u00d3N EDUCATIVA A TU ALCANCE","isPartOf":{"@id":"https:\/\/www.ofidecoeducativos.es\/blog\/#website"},"datePublished":"2024-06-25T08:52:12+00:00","dateModified":"2024-06-25T08:52:13+00:00","description":"El entorno en el que los ni\u00f1os aprenden y crecen tiene un impacto significativo en su desarrollo cognitivo y emocional.","breadcrumb":{"@id":"https:\/\/www.ofidecoeducativos.es\/blog\/aulas-armonicas-la-clave-para-que-el-cerebro-de-los-mas-pequenos-trabaje-adecuadamente\/#breadcrumb"},"inLanguage":"es","potentialAction":[{"@type":"ReadAction","target":["https:\/\/www.ofidecoeducativos.es\/blog\/aulas-armonicas-la-clave-para-que-el-cerebro-de-los-mas-pequenos-trabaje-adecuadamente\/"]}]},{"@type":"BreadcrumbList","@id":"https:\/\/www.ofidecoeducativos.es\/blog\/aulas-armonicas-la-clave-para-que-el-cerebro-de-los-mas-pequenos-trabaje-adecuadamente\/#breadcrumb","itemListElement":[{"@type":"ListItem","position":1,"name":"Portada","item":"https:\/\/www.ofidecoeducativos.es\/blog\/"},{"@type":"ListItem","position":2,"name":"Aulas arm\u00f3nicas. La clave para que el cerebro de los m\u00e1s peque\u00f1os trabaje adecuadamente."}]},{"@type":"WebSite","@id":"https:\/\/www.ofidecoeducativos.es\/blog\/#website","url":"https:\/\/www.ofidecoeducativos.es\/blog\/","name":"INNOVACI\u00d3N EDUCATIVA A TU ALCANCE","description":"El blog de Ofideco Educativos","publisher":{"@id":"https:\/\/www.ofidecoeducativos.es\/blog\/#organization"},"potentialAction":[{"@type":"SearchAction","target":{"@type":"EntryPoint","urlTemplate":"https:\/\/www.ofidecoeducativos.es\/blog\/?s={search_term_string}"},"query-input":"required name=search_term_string"}],"inLanguage":"es"},{"@type":"Organization","@id":"https:\/\/www.ofidecoeducativos.es\/blog\/#organization","name":"INNOVACI\u00d3N EDUCATIVA A TU ALCANCE","url":"https:\/\/www.ofidecoeducativos.es\/blog\/","logo":{"@type":"ImageObject","inLanguage":"es","@id":"https:\/\/www.ofidecoeducativos.es\/blog\/#\/schema\/logo\/image\/","url":"https:\/\/www.ofidecoeducativos.es\/blog\/wp-content\/uploads\/2023\/12\/cropped-Logo.jpg","contentUrl":"https:\/\/www.ofidecoeducativos.es\/blog\/wp-content\/uploads\/2023\/12\/cropped-Logo.jpg","width":189,"height":71,"caption":"INNOVACI\u00d3N EDUCATIVA A TU ALCANCE"},"image":{"@id":"https:\/\/www.ofidecoeducativos.es\/blog\/#\/schema\/logo\/image\/"}},{"@type":"Person","@id":"https:\/\/www.ofidecoeducativos.es\/blog\/#\/schema\/person\/2d39737885170dc6757d22b34d1051e1","name":"Ofideco Educativos","image":{"@type":"ImageObject","inLanguage":"es","@id":"https:\/\/www.ofidecoeducativos.es\/blog\/#\/schema\/person\/image\/","url":"https:\/\/secure.gravatar.com\/avatar\/819d71e9e31142308a24dbe53f9081f783ec3c49fd3b8af2b78d08391fb6eb2f?s=96&d=mm&r=g","contentUrl":"https:\/\/secure.gravatar.com\/avatar\/819d71e9e31142308a24dbe53f9081f783ec3c49fd3b8af2b78d08391fb6eb2f?s=96&d=mm&r=g","caption":"Ofideco Educativos"},"url":"https:\/\/www.ofidecoeducativos.es\/blog\/author\/ofideco_wp\/"}]}},"_links":{"self":[{"href":"https:\/\/www.ofidecoeducativos.es\/blog\/wp-json\/wp\/v2\/posts\/809","targetHints":{"allow":["GET"]}}],"collection":[{"href":"https:\/\/www.ofidecoeducativos.es\/blog\/wp-json\/wp\/v2\/posts"}],"about":[{"href":"https:\/\/www.ofidecoeducativos.es\/blog\/wp-json\/wp\/v2\/types\/post"}],"author":[{"embeddable":true,"href":"https:\/\/www.ofidecoeducativos.es\/blog\/wp-json\/wp\/v2\/users\/1"}],"replies":[{"embeddable":true,"href":"https:\/\/www.ofidecoeducativos.es\/blog\/wp-json\/wp\/v2\/comments?post=809"}],"version-history":[{"count":1,"href":"https:\/\/www.ofidecoeducativos.es\/blog\/wp-json\/wp\/v2\/posts\/809\/revisions"}],"predecessor-version":[{"id":812,"href":"https:\/\/www.ofidecoeducativos.es\/blog\/wp-json\/wp\/v2\/posts\/809\/revisions\/812"}],"wp:featuredmedia":[{"embeddable":true,"href":"https:\/\/www.ofidecoeducativos.es\/blog\/wp-json\/wp\/v2\/media\/811"}],"wp:attachment":[{"href":"https:\/\/www.ofidecoeducativos.es\/blog\/wp-json\/wp\/v2\/media?parent=809"}],"wp:term":[{"taxonomy":"category","embeddable":true,"href":"https:\/\/www.ofidecoeducativos.es\/blog\/wp-json\/wp\/v2\/categories?post=809"},{"taxonomy":"post_tag","embeddable":true,"href":"https:\/\/www.ofidecoeducativos.es\/blog\/wp-json\/wp\/v2\/tags?post=809"}],"curies":[{"name":"wp","href":"https:\/\/api.w.org\/{rel}","templated":true}]}}